{"@context":"https:\/\/schema.org\/","@type":"CollectionPage","@id":"https:\/\/www.konvi.cz\/zeny\/#CollectionPage","headline":"\u017deny Category","description":"","url":"https:\/\/www.konvi.cz\/zeny\/","hasPart":[{"@type":"Article","@id":"https:\/\/www.konvi.cz\/co-maji-zeny-rady-cim-ji-potesite\/","headline":"Co maj\u00ed \u017eeny r\u00e1dy, \u010d\u00edm j\u00ed pot\u011b\u0161\u00edte","url":"https:\/\/www.konvi.cz\/co-maji-zeny-rady-cim-ji-potesite\/","datePublished":"2023-05-05","dateModified":"2023-05-05","mainEntityOfPage":"https:\/\/www.konvi.cz\/co-maji-zeny-rady-cim-ji-potesite\/","author":{"@type":"Person","@id":"https:\/\/www.konvi.cz\/author\/#Person","name":"","url":"https:\/\/www.konvi.cz\/author\/","identifier":1,"image":{"@type":"ImageObject","@id":"https:\/\/secure.gravatar.com\/avatar\/f14f9548cfce1bfc4b3267434069a757db9568e455121a8852ede019c83b3b5e?s=96&d=mm&r=g","url":"https:\/\/secure.gravatar.com\/avatar\/f14f9548cfce1bfc4b3267434069a757db9568e455121a8852ede019c83b3b5e?s=96&d=mm&r=g","height":96,"width":96}},"publisher":{"@type":"Organization","name":"konvi.cz","logo":{"@type":"ImageObject","@id":"\/logo.png","url":"\/logo.png","width":600,"height":60}},"image":{"@type":"ImageObject","@id":"https:\/\/www.konvi.cz\/wp-content\/uploads\/img_a329509_w2563_t1541943594.jpg","url":"https:\/\/www.konvi.cz\/wp-content\/uploads\/img_a329509_w2563_t1541943594.jpg","height":0,"width":0},"keywords":null},{"@type":"Article","@id":"https:\/\/www.konvi.cz\/pro-zeny-ktere-se-nedokazou-rozhodnout\/","headline":"Pro \u017eeny, kter\u00e9 se nedok\u00e1\u017eou rozhodnout","url":"https:\/\/www.konvi.cz\/pro-zeny-ktere-se-nedokazou-rozhodnout\/","datePublished":"2023-05-05","dateModified":"2023-05-05","mainEntityOfPage":"https:\/\/www.konvi.cz\/pro-zeny-ktere-se-nedokazou-rozhodnout\/","author":{"@type":"Person","@id":"https:\/\/www.konvi.cz\/author\/#Person","name":"","url":"https:\/\/www.konvi.cz\/author\/","identifier":1,"image":{"@type":"ImageObject","@id":"https:\/\/secure.gravatar.com\/avatar\/f14f9548cfce1bfc4b3267434069a757db9568e455121a8852ede019c83b3b5e?s=96&d=mm&r=g","url":"https:\/\/secure.gravatar.com\/avatar\/f14f9548cfce1bfc4b3267434069a757db9568e455121a8852ede019c83b3b5e?s=96&d=mm&r=g","height":96,"width":96}},"publisher":{"@type":"Organization","name":"konvi.cz","logo":{"@type":"ImageObject","@id":"\/logo.png","url":"\/logo.png","width":600,"height":60}},"image":{"@type":"ImageObject","@id":"https:\/\/www.konvi.cz\/wp-content\/uploads\/img_a312603_w2563_t1523434318.jpg","url":"https:\/\/www.konvi.cz\/wp-content\/uploads\/img_a312603_w2563_t1523434318.jpg","height":0,"width":0},"keywords":null},{"@type":"Article","@id":"https:\/\/www.konvi.cz\/nemoc-nechodi-po-horach-ale-po-lidech\/","headline":"Nemoc nechod\u00ed po hor\u00e1ch, ale po lidech","url":"https:\/\/www.konvi.cz\/nemoc-nechodi-po-horach-ale-po-lidech\/","datePublished":"2018-08-13","dateModified":"2023-05-05","mainEntityOfPage":"https:\/\/www.konvi.cz\/nemoc-nechodi-po-horach-ale-po-lidech\/","author":{"@type":"Person","@id":"https:\/\/www.konvi.cz\/author\/#Person","name":"","url":"https:\/\/www.konvi.cz\/author\/","identifier":1,"image":{"@type":"ImageObject","@id":"https:\/\/secure.gravatar.com\/avatar\/f14f9548cfce1bfc4b3267434069a757db9568e455121a8852ede019c83b3b5e?s=96&d=mm&r=g","url":"https:\/\/secure.gravatar.com\/avatar\/f14f9548cfce1bfc4b3267434069a757db9568e455121a8852ede019c83b3b5e?s=96&d=mm&r=g","height":96,"width":96}},"publisher":{"@type":"Organization","name":"konvi.cz","logo":{"@type":"ImageObject","@id":"\/logo.png","url":"\/logo.png","width":600,"height":60}},"image":{"@type":"ImageObject","@id":"https:\/\/www.konvi.cz\/wp-content\/uploads\/img_a322405_w2563_t1534063120.jpg","url":"https:\/\/www.konvi.cz\/wp-content\/uploads\/img_a322405_w2563_t1534063120.jpg","height":0,"width":0},"keywords":null},{"@type":"Article","@id":"https:\/\/www.konvi.cz\/prijemna-a-pohodlna-doprava-na-vasi-vysnenou-dovolenou\/","headline":"P\u0159\u00edjemn\u00e1 a pohodln\u00e1 doprava na Va\u0161i vysn\u011bnou dovolenou","url":"https:\/\/www.konvi.cz\/prijemna-a-pohodlna-doprava-na-vasi-vysnenou-dovolenou\/","datePublished":"2017-05-27","dateModified":"2023-05-05","mainEntityOfPage":"https:\/\/www.konvi.cz\/prijemna-a-pohodlna-doprava-na-vasi-vysnenou-dovolenou\/","author":{"@type":"Person","@id":"https:\/\/www.konvi.cz\/author\/#Person","name":"","url":"https:\/\/www.konvi.cz\/author\/","identifier":1,"image":{"@type":"ImageObject","@id":"https:\/\/secure.gravatar.com\/avatar\/f14f9548cfce1bfc4b3267434069a757db9568e455121a8852ede019c83b3b5e?s=96&d=mm&r=g","url":"https:\/\/secure.gravatar.com\/avatar\/f14f9548cfce1bfc4b3267434069a757db9568e455121a8852ede019c83b3b5e?s=96&d=mm&r=g","height":96,"width":96}},"publisher":{"@type":"Organization","name":"konvi.cz","logo":{"@type":"ImageObject","@id":"\/logo.png","url":"\/logo.png","width":600,"height":60}},"image":{"@type":"ImageObject","@id":"https:\/\/www.konvi.cz\/wp-content\/uploads\/img_a289120_w2007_t1500488127.jpg","url":"https:\/\/www.konvi.cz\/wp-content\/uploads\/img_a289120_w2007_t1500488127.jpg","height":0,"width":0},"keywords":null}]}