[{"@context":"https:\/\/schema.org\/","@type":"Article","@id":"https:\/\/www.konvi.cz\/v-lete-si-odpocinte-od-make-upu\/#Article","mainEntityOfPage":"https:\/\/www.konvi.cz\/v-lete-si-odpocinte-od-make-upu\/","headline":"V l\u00e9t\u011b si odpo\u010di\u0148te od make-upu","name":"V l\u00e9t\u011b si odpo\u010di\u0148te od make-upu","description":"Hork\u00e9 dny se bl\u00ed\u017e\u00ed rychlost\u00ed blesku, a tak je nad slunce jasn\u011bj\u0161\u00ed, \u017ee obzvl\u00e1\u0161t\u011b \u017eeny \u0159e\u0161\u00ed sv\u016fj vzhled pon\u011bkud intenzivn\u011bji. S po\u0159\u00e1d vy\u0161\u0161\u00edmi teplotami je absolutn\u011b nemo\u017en\u00e9 zachovat na obli\u010deji dokonal\u00fd a nerozt\u00e9kaj\u00edc\u00ed se make-up, a tak byste se s n\u00edm m\u011bla na n\u011bjak\u00fd \u010das rozlou\u010dit. Ani ty z nejkvalitn\u011bj\u0161\u00edch, nevydr\u017e\u00ed del\u0161\u00ed dobu na sv\u00e9m&hellip;<p class=\"read-more\"><a class=\"readmore-btn\" href=\"https:\/\/www.konvi.cz\/v-lete-si-odpocinte-od-make-upu\/\">Read More<span class=\"screen-reader-text\">  Read More<\/span><\/a><\/p>","datePublished":"2025-11-30","dateModified":"2025-11-30","author":{"@type":"Person","@id":"https:\/\/www.konvi.cz\/author\/#Person","name":"","url":"https:\/\/www.konvi.cz\/author\/","identifier":1,"image":{"@type":"ImageObject","@id":"https:\/\/secure.gravatar.com\/avatar\/f14f9548cfce1bfc4b3267434069a757db9568e455121a8852ede019c83b3b5e?s=96&d=mm&r=g","url":"https:\/\/secure.gravatar.com\/avatar\/f14f9548cfce1bfc4b3267434069a757db9568e455121a8852ede019c83b3b5e?s=96&d=mm&r=g","height":96,"width":96}},"publisher":{"@type":"Organization","name":"konvi.cz","logo":{"@type":"ImageObject","@id":"\/logo.png","url":"\/logo.png","width":600,"height":60}},"image":{"@type":"ImageObject","@id":"https:\/\/www.konvi.cz\/wp-content\/uploads\/img_a319309_w2580_t1530255854.jpg","url":"https:\/\/www.konvi.cz\/wp-content\/uploads\/img_a319309_w2580_t1530255854.jpg","height":0,"width":0},"url":"https:\/\/www.konvi.cz\/v-lete-si-odpocinte-od-make-upu\/","wordCount":501,"articleBody":"Hork\u00e9 dny se bl\u00ed\u017e\u00ed rychlost\u00ed blesku, a tak je nad slunce jasn\u011bj\u0161\u00ed, \u017ee obzvl\u00e1\u0161t\u011b \u017eeny \u0159e\u0161\u00ed sv\u016fj vzhled pon\u011bkud intenzivn\u011bji. S po\u0159\u00e1d vy\u0161\u0161\u00edmi teplotami je absolutn\u011b nemo\u017en\u00e9 zachovat na obli\u010deji dokonal\u00fd a nerozt\u00e9kaj\u00edc\u00ed se make-up, a tak byste se s n\u00edm m\u011bla na n\u011bjak\u00fd \u010das rozlou\u010dit. Ani ty z nejkvalitn\u011bj\u0161\u00edch, nevydr\u017e\u00ed del\u0161\u00ed dobu na sv\u00e9m m\u00edst\u011b a u\u017e v\u016fbec v l\u00e9t\u011b nep\u016fsob\u00ed p\u0159irozen\u011b a p\u011bkn\u011b. Je tedy \u010das na jin\u00e9 vychyt\u00e1vky a trendy, kter\u00e9 neud\u011blaj\u00ed tolik \u0161kody.\tV l\u00e9t\u011b se maska nenos\u00edAno, je pochopiteln\u00e9, \u017ee pokud va\u0161e nedostatky p\u0159eva\u017euj\u00ed va\u0161e klady a v\u00e1\u0161 obli\u010dej trp\u00ed men\u0161\u00edmi vadami kr\u00e1sy, c\u00edt\u00edte se pod make-upem mnohem jist\u011bj\u0161\u00ed a sv\u00e1. Tepl\u00e9 po\u010das\u00ed v\u0161ak m\u016f\u017ee v\u00e1\u0161 vzhled pod t\u011b\u017ekou vrstvou tohoto kr\u00e9mu prom\u011bnit k nepozn\u00e1n\u00ed a a\u017e hr\u016fzostra\u0161n\u00fd pohled. Nen\u00ed ale d\u016fvod na to, abyste podlehla depres\u00edm a zoufalstv\u00ed.K dispozici m\u00e1te o n\u011bco leh\u010d\u00ed a slo\u017een\u00edm prosp\u011b\u0161n\u011bj\u0161\u00ed nab\u00eddku t\u00f3novac\u00edch kr\u00e9m\u016f, kter\u00fdch \u00fa\u010delem je ple\u0165 p\u0159irozen\u011b sjednotit a rozz\u00e1\u0159it. Nedisponuj\u00ed v\u0161ak p\u0159\u00edli\u0161 velk\u00fdmi kryc\u00edmi schopnostmi, a tak va\u0161e probl\u00e9my, kter\u00e9 jste d\u0159\u00edve maskovala jen zlehka zakryj\u00ed. Budete ale p\u016fsobit bezprost\u0159edn\u011b a o to v\u00e1m p\u0159ece jde.T\u00f3novac\u00ed kr\u00e9my a jejich p\u0159ednosti:1.\u00a0\u00a0\u00a0\u00a0 Maj\u00ed SPF, kter\u00fd v\u00e1s i d\u00edky tomu, \u017ee m\u00e1te na tv\u00e1\u0159i nepatrn\u00e9 vylep\u0161en\u00ed v podob\u011b t\u00f3novac\u00edho kr\u00e9mu, ochr\u00e1n\u00ed p\u0159ed slun\u00ed\u010dkem a poskytne v\u00e1m ochranu p\u0159ed sp\u00e1len\u00edm.2.\u00a0\u00a0\u00a0\u00a0 D\u00e1v\u00e1 pleti hydrataci po cel\u00fd den a v\u00e1\u0161 obli\u010dej pod n\u00edm m\u016f\u017ee kr\u00e1sn\u011b d\u00fdchat. Nen\u00ed to tedy \u017e\u00e1dn\u00e1 maska, ale opravdov\u00fd hydrata\u010dn\u00ed kr\u00e9m.3.\u00a0\u00a0\u00a0\u00a0 Neucp\u00e1v\u00e1 p\u00f3ry!Je dobr\u00e9 podotknout, \u017ee nejen v l\u00e9t\u011b je to velk\u00fdm plusem, kter\u00fd by v\u00e1s m\u011bl p\u0159esv\u011bd\u010dit k jeho koupi. P\u00f3ry na na\u0161\u00ed pleti toti\u017e nep\u016fsob\u00ed v\u016fbec dob\u0159e, kdy\u017e jsou zna\u010dn\u011b otev\u0159en\u00e9. Nemluv\u011b o tom, \u017ee ucpan\u00e9 p\u00f3ry vypadaj\u00ed zanedbalo a p\u0159id\u00e1vaj\u00ed v\u00e1m n\u011bkolik let nav\u00edc.4.\u00a0\u00a0\u00a0\u00a0 V\u011bt\u0161ina z nich neobsahuje \u017e\u00e1dn\u00e9 parabeny ani parfema\u010dn\u00ed l\u00e1tky v jejich slo\u017een\u00ed. A to je d\u016fle\u017eit\u00e9 hlavn\u011b z pozice toho, \u017ee o sebe chcete skute\u010dn\u011b db\u00e1t.5.\u00a0\u00a0\u00a0\u00a0 Cena a dostupnost t\u011bchto t\u00f3novac\u00edch kr\u00e9m\u016f je v\u00e1m na dosah ruky. Za velkou p\u0159ednost se pova\u017euje finan\u010dn\u00ed \u010d\u00e1stka, za kterou je m\u016f\u017eete koupit. Je toti\u017e skute\u010dn\u011b n\u00edzk\u00e1. A k m\u00e1n\u00ed jsou v ka\u017ed\u00e9 drogerii, p\u0159itom si m\u016f\u017eete vyb\u00edrat z n\u011bkolika zna\u010dek nebo odst\u00edn\u016f.                                                                                                                                                                                                                                                                                                                                                                                        4.5\/5 - (4 votes)        "},{"@context":"https:\/\/schema.org\/","@type":"BreadcrumbList","itemListElement":[{"@type":"ListItem","position":1,"name":"V l\u00e9t\u011b si odpo\u010di\u0148te od make-upu","item":"https:\/\/www.konvi.cz\/v-lete-si-odpocinte-od-make-upu\/#breadcrumbitem"}]}]