[{"@context":"https:\/\/schema.org\/","@type":"Article","@id":"https:\/\/www.konvi.cz\/s-cim-pocitat-pri-navrhu-vestavene-skrine\/#Article","mainEntityOfPage":"https:\/\/www.konvi.cz\/s-cim-pocitat-pri-navrhu-vestavene-skrine\/","headline":"S \u010d\u00edm po\u010d\u00edtat p\u0159i n\u00e1vrhu vestav\u011bn\u00e9 sk\u0159\u00edn\u011b","name":"S \u010d\u00edm po\u010d\u00edtat p\u0159i n\u00e1vrhu vestav\u011bn\u00e9 sk\u0159\u00edn\u011b","description":"Pl\u00e1nujete v\u00fdstavbu vestav\u011bn\u00e9 sk\u0159\u00edn\u011b, ale nem\u00e1te dosud p\u0159esnou p\u0159edstavu o jej\u00ed konkr\u00e9tn\u00ed podob\u011b? S \u010d\u00edm byste mohli po\u010d\u00edtat, aby m\u011bl tento n\u00e1bytek perfektn\u00ed vyu\u017eit\u00ed, abyste sk\u0159\u00ed\u0148 otev\u00edrali r\u00e1di a t\u011b\u0161ili se z jej\u00ed p\u0159\u00edtomnosti v\u00edc, ne\u017e z jin\u00fdch typ\u016f n\u00e1bytku? Kolik ram\u00ednek vlastn\u011b pot\u0159ebujete \u2013 p\u0159i n\u00e1vrhu vestav\u011bn\u00e9 sk\u0159\u00edn\u011b se velmi \u010dasto objevuje segment s&hellip;<p class=\"read-more\"><a class=\"readmore-btn\" href=\"https:\/\/www.konvi.cz\/s-cim-pocitat-pri-navrhu-vestavene-skrine\/\">Read More<span class=\"screen-reader-text\">  Read More<\/span><\/a><\/p>","datePublished":"2025-02-11","dateModified":"2025-02-11","author":{"@type":"Person","@id":"https:\/\/www.konvi.cz\/author\/#Person","name":"","url":"https:\/\/www.konvi.cz\/author\/","identifier":1,"image":{"@type":"ImageObject","@id":"https:\/\/secure.gravatar.com\/avatar\/f14f9548cfce1bfc4b3267434069a757db9568e455121a8852ede019c83b3b5e?s=96&d=mm&r=g","url":"https:\/\/secure.gravatar.com\/avatar\/f14f9548cfce1bfc4b3267434069a757db9568e455121a8852ede019c83b3b5e?s=96&d=mm&r=g","height":96,"width":96}},"publisher":{"@type":"Organization","name":"konvi.cz","logo":{"@type":"ImageObject","@id":"\/logo.png","url":"\/logo.png","width":600,"height":60}},"image":{"@type":"ImageObject","@id":"https:\/\/www.konvi.cz\/wp-content\/uploads\/wardrobe-5961193_640_10_10_7.jpg","url":"https:\/\/www.konvi.cz\/wp-content\/uploads\/wardrobe-5961193_640_10_10_7.jpg","height":0,"width":0},"url":"https:\/\/www.konvi.cz\/s-cim-pocitat-pri-navrhu-vestavene-skrine\/","about":["N\u00e1kupy"],"wordCount":404,"articleBody":"      Pl\u00e1nujete v\u00fdstavbu vestav\u011bn\u00e9 sk\u0159\u00edn\u011b, ale nem\u00e1te dosud p\u0159esnou p\u0159edstavu o jej\u00ed konkr\u00e9tn\u00ed podob\u011b? S \u010d\u00edm byste mohli po\u010d\u00edtat, aby m\u011bl tento n\u00e1bytek perfektn\u00ed vyu\u017eit\u00ed, abyste sk\u0159\u00ed\u0148 otev\u00edrali r\u00e1di a t\u011b\u0161ili se z jej\u00ed p\u0159\u00edtomnosti v\u00edc, ne\u017e z jin\u00fdch typ\u016f n\u00e1bytku?Kolik ram\u00ednek vlastn\u011b pot\u0159ebujete \u2013 p\u0159i n\u00e1vrhu vestav\u011bn\u00e9 sk\u0159\u00edn\u011b se velmi \u010dasto objevuje segment s ram\u00ednkovou ty\u010d\u00ed pro zav\u011b\u0161en\u00ed n\u011bkolika des\u00edtek ram\u00ednek. To je samoz\u0159ejm\u011b chv\u00e1lyhodn\u00e9, ale uv\u011bdomte si, \u017ee \u010d\u00edm \u0161ir\u0161\u00ed je ram\u00ednkov\u00e1 sk\u0159\u00ed\u0148, t\u00edm v\u00edce ubere prostoru pro dal\u0161\u00ed v\u011bci. Zav\u011b\u0161en\u00e9 od\u011bvy na ram\u00ednk\u00e1ch mnohdy zab\u00edraj\u00ed mnoho m\u00edsta a b\u00fdv\u00e1 ekonomi\u010dt\u011bj\u0161\u00ed je skl\u00e1dat do foch\u016f, ne\u017e zav\u011b\u0161ovat na ram\u00ednko. Dob\u0159e si tedy rozmyslete, jak velk\u00fd prostor pro ram\u00ednka vlastn\u011b pot\u0159ebujete, a zda by nebylo rozumn\u011bj\u0161\u00ed oble\u010den\u00ed skl\u00e1dat. Ram\u00ednka se t\u00fdkaj\u00ed zejm\u00e9na od\u011bv\u016f, co se p\u0159i skl\u00e1d\u00e1n\u00ed snadno zmuchlaj\u00ed, tedy nap\u0159\u00edklad halenky, n\u011bkter\u00e9 ko\u0161ile, saka apod.Dr\u00e1t\u011bn\u00fd program \u2013 v\u00fdhodou dr\u00e1t\u011bn\u00e9ho programu je plynul\u00fd pojezd v\u00fdsuvn\u00fdch foch\u016f pro drobn\u00e9 kusy od\u011bv\u016f, zejm\u00e9na pro plavky a spodn\u00ed pr\u00e1dlo, \u0161\u00e1ly, \u0161\u00e1tky, \u010depice, kapesn\u00edky atp. Dr\u00e1t\u011bn\u00fd foch je v\u00fdhodn\u00e9 um\u00edstit doprost\u0159ed sk\u0159\u00edn\u011b, abyste k n\u011bmu m\u011bli snadn\u00fd p\u0159\u00edstup ze v\u0161ech stran a nemuseli se p\u0159edkl\u00e1n\u011bt nebo zvedat. \u0160patn\u011b dostupn\u00e1 m\u00edsta \u2013 ka\u017ed\u00e1 sk\u0159\u00ed\u0148 m\u00e1 h\u016f\u0159e dostupn\u00e1 m\u00edsta, ta se nach\u00e1z\u00ed u stropu a u podlahy. K t\u011bm podlahov\u00fdm se mus\u00edte sh\u00fdbat, na ty stropn\u00ed pot\u0159ebujete \u017eidli nebo \u0161tafle. Do t\u011bchto m\u00edst ukl\u00e1dejte v\u017edy to, co pot\u0159ebujete nejm\u00e9n\u011b, nap\u0159\u00edklad sez\u00f3nn\u00ed od\u011bvy a obuv, zabalen\u00e9 do zipov\u00fdch pytl\u016f.Svisl\u00fd foch pro \u0161tafli\u010dky \u2013 velmi praktick\u00e9 je um\u00edstit do vestav\u011bn\u00e9 sk\u0159\u00edn\u011b mal\u00e9 \u0161tafle, abyste nemuseli nikam odb\u00edhat a hledat vhodnou \u017eidli, kdy\u017e se pot\u0159ebujete dostat do horn\u00edch foch\u016f. Pro \u0161tafli\u010dky lze zhotovit \u00fazk\u00fd svisl\u00fd foch, nezabere mnoho m\u00edsta a usnadn\u00ed v\u00e1m pr\u00e1ci p\u0159i manipulaci s va\u0161imi v\u011bcmi.                                                                                                                                                                                                                                                                                                                                                                                          3.7\/5 - (7 votes)        "},{"@context":"https:\/\/schema.org\/","@type":"BreadcrumbList","itemListElement":[{"@type":"ListItem","position":1,"name":"S \u010d\u00edm po\u010d\u00edtat p\u0159i n\u00e1vrhu vestav\u011bn\u00e9 sk\u0159\u00edn\u011b","item":"https:\/\/www.konvi.cz\/s-cim-pocitat-pri-navrhu-vestavene-skrine\/#breadcrumbitem"}]}]