[{"@context":"https:\/\/schema.org\/","@type":"Article","@id":"https:\/\/www.konvi.cz\/priprava-na-leto\/#Article","mainEntityOfPage":"https:\/\/www.konvi.cz\/priprava-na-leto\/","headline":"P\u0159\u00edprava na l\u00e9to","name":"P\u0159\u00edprava na l\u00e9to","description":"Nejobl\u00edben\u011bj\u0161\u00ed obdob\u00ed roku je zde! Letn\u00ed m\u011bs\u00edce s sebou p\u0159in\u00e1\u0161\u00ed spoustu z\u00e1bavy v podob\u011b koup\u00e1n\u00ed v baz\u00e9nu \u010di jeze\u0159e, grilov\u00e1n\u00ed s p\u0159\u00e1teli \u010di posezen\u00ed u v\u00fdborn\u00fdch drink\u016f. Spousta \u017een se v\u0161ak pr\u00e1v\u011b v tomto ro\u010dn\u00edm obdob\u00ed nec\u00edt\u00ed ve sv\u00e9 k\u016f\u017ei. Co tedy d\u011blat abyste se c\u00edtila kr\u00e1sn\u00e1 a sebejist\u00e1? Zdrav\u011b vypadaj\u00edc\u00ed poko\u017eka V tomto obdob\u00ed&hellip;<p class=\"read-more\"><a class=\"readmore-btn\" href=\"https:\/\/www.konvi.cz\/priprava-na-leto\/\">Read More<span class=\"screen-reader-text\">  Read More<\/span><\/a><\/p>","datePublished":"2021-05-14","dateModified":"2023-09-01","author":{"@type":"Person","@id":"https:\/\/www.konvi.cz\/author\/#Person","name":"","url":"https:\/\/www.konvi.cz\/author\/","identifier":1,"image":{"@type":"ImageObject","@id":"https:\/\/secure.gravatar.com\/avatar\/f14f9548cfce1bfc4b3267434069a757db9568e455121a8852ede019c83b3b5e?s=96&d=mm&r=g","url":"https:\/\/secure.gravatar.com\/avatar\/f14f9548cfce1bfc4b3267434069a757db9568e455121a8852ede019c83b3b5e?s=96&d=mm&r=g","height":96,"width":96}},"publisher":{"@type":"Organization","name":"konvi.cz","logo":{"@type":"ImageObject","@id":"\/logo.png","url":"\/logo.png","width":600,"height":60}},"image":{"@type":"ImageObject","@id":"https:\/\/www.konvi.cz\/wp-content\/uploads\/z%CC%8Cena%20se%20s%20bry%CC%81lemi.jpg","url":"https:\/\/www.konvi.cz\/wp-content\/uploads\/z%CC%8Cena%20se%20s%20bry%CC%81lemi.jpg","height":0,"width":0},"url":"https:\/\/www.konvi.cz\/priprava-na-leto\/","about":["Business"],"wordCount":465,"articleBody":"        Nejobl\u00edben\u011bj\u0161\u00ed obdob\u00ed roku je zde! Letn\u00ed m\u011bs\u00edce s sebou p\u0159in\u00e1\u0161\u00ed spoustu z\u00e1bavy v podob\u011b koup\u00e1n\u00ed v baz\u00e9nu \u010di jeze\u0159e, grilov\u00e1n\u00ed s p\u0159\u00e1teli \u010di posezen\u00ed u v\u00fdborn\u00fdch drink\u016f. Spousta \u017een se v\u0161ak pr\u00e1v\u011b v tomto ro\u010dn\u00edm obdob\u00ed nec\u00edt\u00ed ve sv\u00e9 k\u016f\u017ei. Co tedy d\u011blat abyste se c\u00edtila kr\u00e1sn\u00e1 a sebejist\u00e1?Zdrav\u011b vypadaj\u00edc\u00ed poko\u017ekaV tomto obdob\u00ed v\u011bt\u0161ina z n\u00e1s vytahuje ze sk\u0159\u00edn\u011b \u0161aty, sukn\u011b a kra\u0165asy. Kter\u00e1 z n\u00e1s by se necht\u011bla py\u0161nit pevnou a dob\u0159e vypadaj\u00edc\u00ed poko\u017ekou. Op\u00e1len\u00e9 poko\u017eka vypad\u00e1 v\u017edy l\u00e9pe. Nav\u00edc op\u00e1len\u00ed m\u016f\u017ee pomoci zakr\u00fdt n\u011bkter\u00e9 nedokonalosti, je\u017e se na k\u016f\u017ei b\u011b\u017en\u011b vyskytuj\u00ed. Jestli\u017ee se na slunce p\u0159\u00edli\u0161 nedostanete, vyzkou\u0161ejte opalov\u00e1n\u00ed v sol\u00e1rn\u00edm studiu. P\u0159i tomto typu opalov\u00e1n\u00ed je mimo\u0159\u00e1dn\u011b d\u016fle\u017eit\u00e9 chr\u00e1nit svou poko\u017eku speci\u00e1ln\u00ed kosmetikou, kter\u00e1 je pro tyto \u00fa\u010dely ur\u010dena.Sol\u00e1rn\u00ed studio Brno Studio Naomi poskytuje ty nejkvalitn\u011bj\u0161\u00ed slu\u017eby. Profesion\u00e1ln\u011b vy\u0161kolen\u00fd person\u00e1l v\u00e1m pom\u016f\u017ee vybrat vhodn\u00fd typ p\u0159\u00edstroje a rovn\u011b\u017e v\u00e1m porad\u00ed se spr\u00e1vn\u00fdm v\u00fdb\u011brem kosmetiky, tak aby op\u00e1len\u00ed vypadalo p\u0159irozen\u011b a z\u00e1rove\u0148 nedo\u0161lo ke sp\u00e1len\u00ed poko\u017eky.Spr\u00e1vn\u00e1 p\u00e9\u010de o ple\u0165 je z\u00e1kladP\u0159edev\u0161\u00edm je d\u016fle\u017eit\u00e9 zm\u00ednit, \u017ee pe\u010duj\u00edc\u00ed kosmetiku je nutn\u00e9 v\u017edy p\u0159izp\u016fsobit dan\u00e9mu ro\u010dn\u00edmu obdob\u00ed, nebo\u0165 v ka\u017ed\u00e9m z nich si va\u0161e ple\u0165 \u017e\u00e1d\u00e1 jinou p\u00e9\u010di. V l\u00e9t\u011b, v\u00edce ne\u017e kdy jindy, je velmi d\u016fle\u017eit\u00e9 nezapom\u00ednat ka\u017ed\u00fd den aplikovat kr\u00e9m s ochrann\u00fdm faktorem proti slunci. M\u011bjte na pam\u011bti, \u017ee nejvhodn\u011bj\u0161\u00ed je pou\u017e\u00edt kr\u00e9m proti slunci pod v\u00e1\u0161 denn\u00ed kr\u00e9m. V dne\u0161n\u00ed dob\u011b obsahuje v\u011bt\u0161ina make up\u016f \u010di pudr\u016f na l\u00ed\u010den\u00ed ochrann\u00fd faktor SPF, v t\u00e9to souvislosti je v\u0161ak nutn\u00e9 podotknout, \u017ee takov\u00e1to ochrana nen\u00ed pro v\u00e1\u0161 obli\u010dej dosta\u010duj\u00ed.D\u00e1le je velmi d\u016fle\u017eit\u00e9 volit takovou pe\u010duj\u00edc\u00ed kosmetiku, je\u017e bude p\u0159izp\u016fsoben\u00e1 typu va\u0161\u00ed pleti. Jestli\u017ee m\u00e1te suchou a citlivou ple\u0165, pot\u00e9 je velmi d\u016fle\u017eit\u00e9 db\u00e1t na dostate\u010dnou hydrataci. Je vhodn\u00e9 pou\u017e\u00edvat hydrata\u010dn\u00ed s\u00e9ra a kr\u00e9my. B\u011bhem dne se do letn\u00edch parn\u00fdch dn\u016f hod\u00ed rovn\u011b\u017e nejr\u016fzn\u011bj\u0161\u00ed kv\u011btinov\u00e9 vody, kter\u00e9 v\u00e1s kr\u00e1sn\u011b osv\u011b\u017e\u00ed a va\u0161e ple\u0165 bude vy\u017eiven\u00e1 a hydratovan\u00e1.                                                                                                                                                                                                                                                                                                                                                                                          4.6\/5 - (10 votes)        "},{"@context":"https:\/\/schema.org\/","@type":"BreadcrumbList","itemListElement":[{"@type":"ListItem","position":1,"name":"P\u0159\u00edprava na l\u00e9to","item":"https:\/\/www.konvi.cz\/priprava-na-leto\/#breadcrumbitem"}]}]