[{"@context":"https:\/\/schema.org\/","@type":"Article","@id":"https:\/\/www.konvi.cz\/kvalitni-veterinou-v-praze-jsme-my\/#Article","mainEntityOfPage":"https:\/\/www.konvi.cz\/kvalitni-veterinou-v-praze-jsme-my\/","headline":"Kvalitn\u00ed veterinou v Praze jsme my","name":"Kvalitn\u00ed veterinou v Praze jsme my","description":"Je samoz\u0159ejmost\u00ed, \u017ee ka\u017ed\u00fd chce, aby bylo o jeho dom\u00e1c\u00ed zv\u00ed\u0159ata postar\u00e1no tak dob\u0159e, jak je to jen mo\u017en\u00e9. Pokud se jim n\u011bco stane, je d\u016fle\u017eit\u00e9, aby byla p\u00e9\u010de na \u00farovni a mohli jste si b\u00fdt jist\u00ed, \u017ee v\u0161echno bude doopravdy vysoce kvalitn\u00ed a modern\u00ed. Jestli bydlen\u00edm v na\u0161em hlavn\u00edm m\u011bst\u011b, je pro v\u00e1s vysoce&hellip;<p class=\"read-more\"><a class=\"readmore-btn\" href=\"https:\/\/www.konvi.cz\/kvalitni-veterinou-v-praze-jsme-my\/\">Read More<span class=\"screen-reader-text\">  Read More<\/span><\/a><\/p>","datePublished":"2023-12-07","dateModified":"2023-12-07","author":{"@type":"Person","@id":"https:\/\/www.konvi.cz\/author\/#Person","name":"","url":"https:\/\/www.konvi.cz\/author\/","identifier":1,"image":{"@type":"ImageObject","@id":"https:\/\/secure.gravatar.com\/avatar\/f14f9548cfce1bfc4b3267434069a757db9568e455121a8852ede019c83b3b5e?s=96&d=mm&r=g","url":"https:\/\/secure.gravatar.com\/avatar\/f14f9548cfce1bfc4b3267434069a757db9568e455121a8852ede019c83b3b5e?s=96&d=mm&r=g","height":96,"width":96}},"publisher":{"@type":"Organization","name":"konvi.cz","logo":{"@type":"ImageObject","@id":"\/logo.png","url":"\/logo.png","width":600,"height":60}},"url":"https:\/\/www.konvi.cz\/kvalitni-veterinou-v-praze-jsme-my\/","wordCount":248,"articleBody":"Je samoz\u0159ejmost\u00ed, \u017ee ka\u017ed\u00fd chce, aby bylo o jeho dom\u00e1c\u00ed zv\u00ed\u0159ata postar\u00e1no tak dob\u0159e, jak je to jen mo\u017en\u00e9. Pokud se jim n\u011bco stane, je d\u016fle\u017eit\u00e9, aby byla p\u00e9\u010de na \u00farovni a mohli jste si b\u00fdt jist\u00ed, \u017ee v\u0161echno bude doopravdy vysoce kvalitn\u00ed a modern\u00ed. Jestli bydlen\u00edm v na\u0161em hlavn\u00edm m\u011bst\u011b, je pro v\u00e1s vysoce kvalitn\u00edm a profesion\u00e1ln\u00edm partnerem na\u0161e spole\u010dnost. Chceme, abyste od n\u00e1s dostali skv\u011blou pomoc a aby byla na\u0161e veterina Praha 4 t\u00edm doopravdy nejlep\u0161\u00edm mo\u017en\u00fdm \u0159e\u0161en\u00edm. D\u00edky tomu, \u017ee m\u00e1me jak zku\u0161enosti, tak i praxi, jsme t\u00edm spr\u00e1vn\u00fdm m\u00edstem i pro v\u00e1s. Nev\u00e1hejte a p\u0159ij\u010fte k n\u00e1m va\u0161eho mazl\u00ed\u010dka p\u0159eregistrovat. Jist\u011b budete spokojen\u00ed.Chceme, aby bylo v\u0161echno co mo\u017en\u00e1 nej\u0161etrn\u011bj\u0161\u00edV\u00edme, \u017ee jak\u00e1koli n\u00e1v\u0161t\u011bva n\u011bkoho, s k\u00fdm nemaj\u00ed mnoho zku\u0161enost\u00ed, \u017ee pro zv\u00ed\u0159ata stresuj\u00edc\u00ed. Proto se sna\u017e\u00edme, abyste od n\u00e1s dostali tu pomoc, kterou pot\u0159ebujete a aby bylo v\u0161echno co mo\u017en\u00e1 nej\u0161etrn\u011bj\u0161\u00ed. I d\u00edky tomu jsme si z\u00edskali mnoho spokojen\u00fdch z\u00e1kazn\u00edk\u016f a pacient\u016f. Nev\u00e1hejte a p\u0159ij\u010fte si i vy to, co v\u00e1m \u0159\u00edk\u00e1me, ov\u011b\u0159it.                                                                                                                                                                                                                                                                                                                                                                                        2.9\/5 - (8 votes)        "},{"@context":"https:\/\/schema.org\/","@type":"BreadcrumbList","itemListElement":[{"@type":"ListItem","position":1,"name":"Kvalitn\u00ed veterinou v Praze jsme my","item":"https:\/\/www.konvi.cz\/kvalitni-veterinou-v-praze-jsme-my\/#breadcrumbitem"}]}]