[{"@context":"https:\/\/schema.org\/","@type":"Article","@id":"https:\/\/www.konvi.cz\/jake-jsou-vyhody-vestaveneho-nabytku-a-kam-se-nejvice-hodi\/#Article","mainEntityOfPage":"https:\/\/www.konvi.cz\/jake-jsou-vyhody-vestaveneho-nabytku-a-kam-se-nejvice-hodi\/","headline":"Jak\u00e9 jsou v\u00fdhody vestav\u011bn\u00e9ho n\u00e1bytku a kam se nejv\u00edce hod\u00ed?","name":"Jak\u00e9 jsou v\u00fdhody vestav\u011bn\u00e9ho n\u00e1bytku a kam se nejv\u00edce hod\u00ed?","description":"Vybrat n\u00e1bytek do mal\u00e9ho prostoru se m\u016f\u017ee st\u00e1t no\u010dn\u00ed m\u016frou, \u0159e\u0161en\u00edm mohou b\u00fdt vestav\u011bn\u00e9 kousky, kter\u00e9 se vyr\u00e1b\u011bj\u00ed p\u0159\u00edmo na m\u00edru. Zn\u00e1te jejich v\u00fdhody? Jak\u00e9 jsou v\u00fdhody vestav\u011bn\u00e9ho n\u00e1bytku a kam se nejv\u00edce hod\u00ed? N\u00e1bytek je ned\u00edlnou a jednou z nejd\u016fle\u017eit\u011bj\u0161\u00edch \u010d\u00e1st\u00ed ka\u017ed\u00e9ho domova. N\u00e1bytek pln\u00ed funkci praktickou i estetickou, sk\u0159\u00edn\u011b pak poskytuj\u00ed tolik d\u016fle\u017eit\u00fd&hellip;<p class=\"read-more\"><a class=\"readmore-btn\" href=\"https:\/\/www.konvi.cz\/jake-jsou-vyhody-vestaveneho-nabytku-a-kam-se-nejvice-hodi\/\">Read More<span class=\"screen-reader-text\">  Read More<\/span><\/a><\/p>","datePublished":"2021-03-15","dateModified":"2023-05-05","author":{"@type":"Person","@id":"https:\/\/www.konvi.cz\/author\/#Person","name":"","url":"https:\/\/www.konvi.cz\/author\/","identifier":1,"image":{"@type":"ImageObject","@id":"https:\/\/secure.gravatar.com\/avatar\/f14f9548cfce1bfc4b3267434069a757db9568e455121a8852ede019c83b3b5e?s=96&d=mm&r=g","url":"https:\/\/secure.gravatar.com\/avatar\/f14f9548cfce1bfc4b3267434069a757db9568e455121a8852ede019c83b3b5e?s=96&d=mm&r=g","height":96,"width":96}},"publisher":{"@type":"Organization","name":"konvi.cz","logo":{"@type":"ImageObject","@id":"\/logo.png","url":"\/logo.png","width":600,"height":60}},"image":{"@type":"ImageObject","@id":"https:\/\/www.konvi.cz\/wp-content\/uploads\/pexels-photo-6076850.jpeg","url":"https:\/\/www.konvi.cz\/wp-content\/uploads\/pexels-photo-6076850.jpeg","height":0,"width":0},"url":"https:\/\/www.konvi.cz\/jake-jsou-vyhody-vestaveneho-nabytku-a-kam-se-nejvice-hodi\/","about":["N\u00e1kupy"],"wordCount":529,"articleBody":"       Vybrat n\u00e1bytek do mal\u00e9ho prostoru se m\u016f\u017ee st\u00e1t no\u010dn\u00ed m\u016frou, \u0159e\u0161en\u00edm mohou b\u00fdt vestav\u011bn\u00e9 kousky, kter\u00e9 se vyr\u00e1b\u011bj\u00ed p\u0159\u00edmo na m\u00edru. Zn\u00e1te jejich v\u00fdhody? Jak\u00e9 jsou v\u00fdhody vestav\u011bn\u00e9ho n\u00e1bytku a kam se nejv\u00edce hod\u00ed? N\u00e1bytek je ned\u00edlnou a jednou z nejd\u016fle\u017eit\u011bj\u0161\u00edch \u010d\u00e1st\u00ed ka\u017ed\u00e9ho domova. N\u00e1bytek pln\u00ed funkci praktickou i estetickou, sk\u0159\u00edn\u011b pak poskytuj\u00ed tolik d\u016fle\u017eit\u00fd \u00falo\u017en\u00fd prostor, kter\u00e9ho nikdy nen\u00ed dost. Bez \u00falo\u017en\u00e9ho prostoru se toti\u017e jen t\u011b\u017eko obejdeme, vybrat n\u00e1bytek do mal\u00fdch prostor je ale opravdu um\u011bn\u00ed. I kdy\u017e si toti\u017e vybereme n\u00e1bytek, po kter\u00e9m skute\u010dn\u011b tou\u017e\u00edme, mus\u00edme se \u0159\u00eddit jeho rozm\u011bry a to v mal\u00fdch prostor\u00e1ch je n\u011bkdy nadlidsk\u00fd \u00fakol. Kusov\u00fdm n\u00e1bytkem tak \u010dasto p\u0159ich\u00e1z\u00edme o cenn\u00e9 centimetry, kter\u00e9 by se daly vyu\u017e\u00edt i jinak. I proto je vestav\u011bn\u00fd n\u00e1bytek t\u00edm nejlep\u0161\u00edm \u0159e\u0161en\u00edm a zdaleka ne jen do t\u011bch nejmen\u0161\u00edch byt\u016f. U\u0161et\u0159\u00edte mnoho m\u00edsta V\u00fdhody vestav\u011bn\u00e9ho n\u00e1bytku jsou hlavn\u011b o u\u0161et\u0159en\u00e9m m\u00edst\u011b, vestav\u011bn\u00fd n\u00e1bytek si toti\u017e cel\u00fd m\u016f\u017eete namyslet podle sebe a podle sv\u00fdch mo\u017enost\u00ed. D\u00edky tomu se d\u00e1 u\u0161et\u0159it opravdu spousta voln\u00e9ho m\u00edsta a takov\u00fd n\u00e1bytek je pak mo\u017en\u00e9 um\u00edstit vlastn\u011b kamkoliv. V\u00fdhodou je bezesporu tak\u00e9 to, \u017ee si m\u016f\u017eete navrhnout i to, jak bude vypadat, p\u0159\u00edpadn\u011b si nech\u00e1te poradit p\u0159\u00edmo odbornou firmou, kter\u00e1 v\u00e1m ho bude vyr\u00e1b\u011bt. Zrealizujete tak sv\u00e9 p\u0159edstavy a je\u0161t\u011b se budete moci t\u011b\u0161it ze zaj\u00edmav\u011b \u0159e\u0161en\u00e9ho voln\u00e9ho \u00falo\u017en\u00e9ho prostoru. Samoz\u0159ejmost\u00ed je i zaj\u00edmav\u00fd dek\u00f3r sten-skrine.cz, kter\u00fd si vyberete. L\u00e9pe se pak n\u00e1bytek kombinuje s ostatn\u00edmi prvky v interi\u00e9ru. Nemus\u00edte b\u00fdt limitov\u00e1n\u00ed nab\u00eddkou v obchodech. \u010carov\u00e1n\u00ed s prostoremU vestav\u011bn\u00e9ho n\u00e1bytku je skv\u011bl\u00e9 i to, \u017ee si m\u016f\u017eete \u010darovat s prostorem i uvnit\u0159 a to podle sebe. Vestav\u011bn\u00e9 kuchyn\u011b nab\u00edz\u00ed mo\u017enost v\u00fdb\u011bru toho, jak budou uspo\u0159\u00e1dan\u00e9 poli\u010dky, stejn\u011b tak je tomu u vestav\u011bn\u00fdch sk\u0159\u00edn\u00ed, kdy je mo\u017en\u00e9 navrhnout si vnit\u0159ek sk\u0159\u00edn\u011b podle toho, co osobn\u011b preferujete. Z\u00edsk\u00e1te tak p\u0159ehledn\u011bj\u0161\u00ed prostor a samoz\u0159ejm\u011b se m\u016f\u017eete t\u011b\u0161it z toho, \u017ee takov\u00fd kousek n\u00e1bytku doma nikdo jin\u00fd nem\u00e1, jako je tomu u s\u00e9riov\u00e9 masov\u00e9 v\u00fdroby n\u00e1bytku. Vestav\u011bn\u00fd n\u00e1bytek se hod\u00ed do v\u0161ech m\u00edstnost\u00ed v byt\u011b, do ob\u00fdvac\u00edch pokoj\u016f, do lo\u017enic i d\u011btsk\u00fdch pokoj\u016f nebo na chodby. V men\u0161\u00edch bytech jej ocen\u00edte jist\u011b nejv\u00edce. U\u0161et\u0159\u00ed neskute\u010dn\u011b mnoho m\u00edsta a je\u0161t\u011b skv\u011ble vypad\u00e1. Origin\u00e1ln\u00ed n\u00e1bytek osln\u00ed i v\u00e1s.                                                                                                                                                                                                                                                                                                                                                                                           5\/5 - (2 votes)        "},{"@context":"https:\/\/schema.org\/","@type":"BreadcrumbList","itemListElement":[{"@type":"ListItem","position":1,"name":"Jak\u00e9 jsou v\u00fdhody vestav\u011bn\u00e9ho n\u00e1bytku a kam se nejv\u00edce hod\u00ed?","item":"https:\/\/www.konvi.cz\/jake-jsou-vyhody-vestaveneho-nabytku-a-kam-se-nejvice-hodi\/#breadcrumbitem"}]}]