[{"@context":"https:\/\/schema.org\/","@type":"Article","@id":"https:\/\/www.konvi.cz\/deti-a-jejich-fantazie\/#Article","mainEntityOfPage":"https:\/\/www.konvi.cz\/deti-a-jejich-fantazie\/","headline":"D\u011bti a jejich fantazie","name":"D\u011bti a jejich fantazie","description":"\u010ct\u011bte d\u00edt\u011bti? D\u00edt\u011bti bychom m\u011bly \u010d\u00edst poh\u00e1dky neust\u00e1le, proto\u017ee d\u011bti je naprosto miluj\u00ed a v kn\u00ed\u017ek\u00e1ch nejv\u00edc maj\u00ed r\u00e1di obr\u00e1zky. Je\u0161t\u011b kdy\u017e je miminko v b\u0159\u00ed\u0161ku, tak d\u00edt\u011b vn\u00edm\u00e1 svoji maminku, kdy\u017e mluv\u00ed, vn\u00edm\u00e1 na b\u0159\u00ed\u0161ku jej\u00ed doteky. Prost\u011b miminko vn\u00edm\u00e1 \u00fapln\u011b v\u0161echno. Jakmile se d\u00edt\u011b narod\u00ed, tak na n\u011b mus\u00edme hodn\u011b mluvit, proto\u017ee \u010d\u00edm&hellip;<p class=\"read-more\"><a class=\"readmore-btn\" href=\"https:\/\/www.konvi.cz\/deti-a-jejich-fantazie\/\">Read More<span class=\"screen-reader-text\">  Read More<\/span><\/a><\/p>","datePublished":"2022-03-30","dateModified":"2023-05-05","author":{"@type":"Person","@id":"https:\/\/www.konvi.cz\/author\/#Person","name":"","url":"https:\/\/www.konvi.cz\/author\/","identifier":1,"image":{"@type":"ImageObject","@id":"https:\/\/secure.gravatar.com\/avatar\/f14f9548cfce1bfc4b3267434069a757db9568e455121a8852ede019c83b3b5e?s=96&d=mm&r=g","url":"https:\/\/secure.gravatar.com\/avatar\/f14f9548cfce1bfc4b3267434069a757db9568e455121a8852ede019c83b3b5e?s=96&d=mm&r=g","height":96,"width":96}},"publisher":{"@type":"Organization","name":"konvi.cz","logo":{"@type":"ImageObject","@id":"\/logo.png","url":"\/logo.png","width":600,"height":60}},"image":{"@type":"ImageObject","@id":"https:\/\/www.konvi.cz\/wp-content\/uploads\/istockphoto-1354441996-170667a.jpg","url":"https:\/\/www.konvi.cz\/wp-content\/uploads\/istockphoto-1354441996-170667a.jpg","height":0,"width":0},"url":"https:\/\/www.konvi.cz\/deti-a-jejich-fantazie\/","about":["D\u011bti"],"wordCount":433,"articleBody":"\u010ct\u011bte d\u00edt\u011bti? D\u00edt\u011bti bychom m\u011bly \u010d\u00edst poh\u00e1dky neust\u00e1le, proto\u017ee d\u011bti je naprosto miluj\u00ed a v kn\u00ed\u017ek\u00e1ch nejv\u00edc maj\u00ed r\u00e1di obr\u00e1zky. Je\u0161t\u011b kdy\u017e je miminko v b\u0159\u00ed\u0161ku, tak d\u00edt\u011b vn\u00edm\u00e1 svoji maminku, kdy\u017e mluv\u00ed, vn\u00edm\u00e1 na b\u0159\u00ed\u0161ku jej\u00ed doteky. Prost\u011b miminko vn\u00edm\u00e1 \u00fapln\u011b v\u0161echno. Jakmile se d\u00edt\u011b narod\u00ed, tak na n\u011b mus\u00edme hodn\u011b mluvit, proto\u017ee \u010d\u00edm v\u00edc budeme na d\u00edt\u011b mluvit, t\u00edm d\u0159\u00edve za\u010dne rozpozn\u00e1vat v\u011bci a bude kolem sebe ukazovat prstem v\u011bci, kter\u00e9 \u0159\u00edk\u00e1te. Pak jakmile je d\u00edt\u011b v\u011bt\u0161\u00ed, tak je kr\u00e1sn\u00e9 d\u00edt\u011bti \u010d\u00edst, proto\u017ee d\u011bti maj\u00ed svoji fantazii a poh\u00e1dky na n\u011b p\u016fsob\u00ed velmi p\u0159\u00edjemn\u011b.D\u011bti s kn\u00ed\u017ekou a poh\u00e1dkami rostou, proto\u017ee ve \u0161kolce, ve \u0161kole je kn\u00ed\u017eka nikdy nemine. Knihy s n\u00e1mi rostou cel\u00fd \u017eivot. D\u011bti maj\u00ed svoji velkou fantazii a r\u016fzn\u00e9 poh\u00e1dky v d\u00edt\u011bti vyvol\u00e1vaj\u00ed emoce, nap\u0159\u00edklad o zle je\u017eibab\u011b, hned se budou pt\u00e1t sv\u00fdch maminek a tat\u00ednk\u016f, pro\u010d je\u017eibaba byla zl\u00e1. Proto uvid\u00edte, \u017ee \u010dten\u00ed a poh\u00e1dky d\u011bti velmi zaj\u00edm\u00e1, proto mus\u00edte knihu doj\u00edt do konce, aby zjistili, pro\u010d ta je\u017eibaba byla zl\u00e1. Kniha je pro d\u011bti \u00fapln\u011b jin\u00fd sv\u011bt ne\u017e b\u011b\u017en\u00fd \u017eivot, proto\u017ee s knihou poznaj\u00ed nov\u00e9 z\u00e1\u017eitky a budou v\u00edce chyt\u0159ej\u0161\u00ed. T\u00edm d\u011bti z\u00edsk\u00e1vaj\u00ed do \u017eivota r\u016fzn\u00e9 poznatky a s knihou se vyv\u00edj\u00ed. D\u011bti maj\u00ed svoje my\u0161lenky, kter\u00e9 nem\u016f\u017eou rodi\u010de pochopit, proto\u017ee d\u011bti maj\u00ed svoje vlastn\u00ed p\u0159edstavy o knize, kterou jim \u010dtete ne\u017e vy. Kniha v\u017edy kon\u010d\u00ed dobrem, ale zlo d\u011bti u\u017e nepoznaj\u00ed. D\u011bti si toti\u017e v\u017edy a u v\u0161eho mysl\u00ed, \u017ee v\u017edy v\u0161e kon\u010d\u00ed dobrem, proto mal\u00e9 d\u011bti v t\u00e9to my\u0161lence rozhodn\u011b nechte a nic jim nevyvracejte. T\u00edm d\u011bti \u00fapln\u011b odrad\u00edte a u\u017e by \u017e\u00e1dnou knihu necht\u011bly \u010d\u00edst. Rozhodn\u011b svoje d\u011bti nechte v\u017edy sn\u00edt o tom, co si sami mysl\u00ed o tom v\u0161em, co jim \u010dtete, proto\u017ee jak budou dosp\u011bl\u00ed jako vy, tak u\u017e budou v\u011bd\u011bt, jak to je a kde je pravda. D\u011btem bychom m\u011bly \u010d\u00edst p\u0159ed span\u00edm, proto\u017ee je to z\u00e1rove\u0148 i hezky unav\u00ed.\u00a0                                                                                                                                                                                                                                                                                                                                                                                        3.9\/5 - (11 votes)        "},{"@context":"https:\/\/schema.org\/","@type":"BreadcrumbList","itemListElement":[{"@type":"ListItem","position":1,"name":"D\u011bti a jejich fantazie","item":"https:\/\/www.konvi.cz\/deti-a-jejich-fantazie\/#breadcrumbitem"}]}]