[{"@context":"https:\/\/schema.org\/","@type":"Blog","@id":"https:\/\/www.konvi.cz#Blog","headline":"Konvi","description":"\nJestli internet n\u011bco um\u00ed opravdu dob\u0159e, pak je to lhan\u00ed. A jestli jsme se od n\u011bj na na\u0161\u00ed internetov\u00e9 str\u00e1nce n\u011bco nenau\u010dili, pak je to pr\u00e1v\u011b toto.","url":"https:\/\/www.konvi.cz","hasPart":[{"@type":"Article","@id":"https:\/\/www.konvi.cz\/jak-na-cisty-bazen\/","headline":"Jak na \u010dist\u00fd baz\u00e9n","url":"https:\/\/www.konvi.cz\/jak-na-cisty-bazen\/","datePublished":"2026-01-24","dateModified":"2026-01-24","mainEntityOfPage":"https:\/\/www.konvi.cz\/jak-na-cisty-bazen\/","author":{"@type":"Person","@id":"https:\/\/www.konvi.cz\/author\/#Person","name":"","url":"https:\/\/www.konvi.cz\/author\/","identifier":1,"image":{"@type":"ImageObject","@id":"https:\/\/secure.gravatar.com\/avatar\/f14f9548cfce1bfc4b3267434069a757db9568e455121a8852ede019c83b3b5e?s=96&d=mm&r=g","url":"https:\/\/secure.gravatar.com\/avatar\/f14f9548cfce1bfc4b3267434069a757db9568e455121a8852ede019c83b3b5e?s=96&d=mm&r=g","height":96,"width":96}},"publisher":{"@type":"Organization","name":"konvi.cz","logo":{"@type":"ImageObject","@id":"\/logo.png","url":"\/logo.png","width":600,"height":60}},"image":{"@type":"ImageObject","@id":"https:\/\/www.konvi.cz\/wp-content\/uploads\/clark-tai-nq18MYhxdGs-unsplash_5.jpg","url":"https:\/\/www.konvi.cz\/wp-content\/uploads\/clark-tai-nq18MYhxdGs-unsplash_5.jpg","height":0,"width":0},"wordCount":984,"keywords":null},{"@type":"Article","@id":"https:\/\/www.konvi.cz\/kvalitni-plastova-okna\/","headline":"Kvalitn\u00ed plastov\u00e1 okna","url":"https:\/\/www.konvi.cz\/kvalitni-plastova-okna\/","datePublished":"2025-12-22","dateModified":"2025-12-22","mainEntityOfPage":"https:\/\/www.konvi.cz\/kvalitni-plastova-okna\/","author":{"@type":"Person","@id":"https:\/\/www.konvi.cz\/author\/#Person","name":"","url":"https:\/\/www.konvi.cz\/author\/","identifier":1,"image":{"@type":"ImageObject","@id":"https:\/\/secure.gravatar.com\/avatar\/f14f9548cfce1bfc4b3267434069a757db9568e455121a8852ede019c83b3b5e?s=96&d=mm&r=g","url":"https:\/\/secure.gravatar.com\/avatar\/f14f9548cfce1bfc4b3267434069a757db9568e455121a8852ede019c83b3b5e?s=96&d=mm&r=g","height":96,"width":96}},"publisher":{"@type":"Organization","name":"konvi.cz","logo":{"@type":"ImageObject","@id":"\/logo.png","url":"\/logo.png","width":600,"height":60}},"image":{"@type":"ImageObject","@id":"https:\/\/www.konvi.cz\/wp-content\/uploads\/francouzsk%C3%A1%20okna_4.jpg","url":"https:\/\/www.konvi.cz\/wp-content\/uploads\/francouzsk%C3%A1%20okna_4.jpg","height":0,"width":0},"wordCount":541,"keywords":null},{"@type":"Article","@id":"https:\/\/www.konvi.cz\/k-reklamnim-predmetum-mohou-patrit-i-osusky\/","headline":"K reklamn\u00edm p\u0159edm\u011bt\u016fm mohou pat\u0159it i osu\u0161ky","url":"https:\/\/www.konvi.cz\/k-reklamnim-predmetum-mohou-patrit-i-osusky\/","datePublished":"2025-12-09","dateModified":"2025-12-09","mainEntityOfPage":"https:\/\/www.konvi.cz\/k-reklamnim-predmetum-mohou-patrit-i-osusky\/","author":{"@type":"Person","@id":"https:\/\/www.konvi.cz\/author\/#Person","name":"","url":"https:\/\/www.konvi.cz\/author\/","identifier":1,"image":{"@type":"ImageObject","@id":"https:\/\/secure.gravatar.com\/avatar\/f14f9548cfce1bfc4b3267434069a757db9568e455121a8852ede019c83b3b5e?s=96&d=mm&r=g","url":"https:\/\/secure.gravatar.com\/avatar\/f14f9548cfce1bfc4b3267434069a757db9568e455121a8852ede019c83b3b5e?s=96&d=mm&r=g","height":96,"width":96}},"publisher":{"@type":"Organization","name":"konvi.cz","logo":{"@type":"ImageObject","@id":"\/logo.png","url":"\/logo.png","width":600,"height":60}},"image":{"@type":"ImageObject","@id":"https:\/\/www.konvi.cz\/wp-content\/uploads\/towels-3507971_640_6.jpg","url":"https:\/\/www.konvi.cz\/wp-content\/uploads\/towels-3507971_640_6.jpg","height":0,"width":0},"wordCount":530,"keywords":null},{"@type":"Article","@id":"https:\/\/www.konvi.cz\/prace-na-volne-noze-ano-ci-ne\/","headline":"Pr\u00e1ce na voln\u00e9 noze? Ano \u010di ne?","url":"https:\/\/www.konvi.cz\/prace-na-volne-noze-ano-ci-ne\/","datePublished":"2025-12-01","dateModified":"2025-12-01","mainEntityOfPage":"https:\/\/www.konvi.cz\/prace-na-volne-noze-ano-ci-ne\/","author":{"@type":"Person","@id":"https:\/\/www.konvi.cz\/author\/#Person","name":"","url":"https:\/\/www.konvi.cz\/author\/","identifier":1,"image":{"@type":"ImageObject","@id":"https:\/\/secure.gravatar.com\/avatar\/f14f9548cfce1bfc4b3267434069a757db9568e455121a8852ede019c83b3b5e?s=96&d=mm&r=g","url":"https:\/\/secure.gravatar.com\/avatar\/f14f9548cfce1bfc4b3267434069a757db9568e455121a8852ede019c83b3b5e?s=96&d=mm&r=g","height":96,"width":96}},"publisher":{"@type":"Organization","name":"konvi.cz","logo":{"@type":"ImageObject","@id":"\/logo.png","url":"\/logo.png","width":600,"height":60}},"image":{"@type":"ImageObject","@id":"https:\/\/www.konvi.cz\/wp-content\/uploads\/img_a301014_w2246_t1511114778.jpg","url":"https:\/\/www.konvi.cz\/wp-content\/uploads\/img_a301014_w2246_t1511114778.jpg","height":0,"width":0},"wordCount":2510,"keywords":null},{"@type":"Article","@id":"https:\/\/www.konvi.cz\/v-lete-si-odpocinte-od-make-upu\/","headline":"V l\u00e9t\u011b si odpo\u010di\u0148te od make-upu","url":"https:\/\/www.konvi.cz\/v-lete-si-odpocinte-od-make-upu\/","datePublished":"2025-11-30","dateModified":"2025-11-30","mainEntityOfPage":"https:\/\/www.konvi.cz\/v-lete-si-odpocinte-od-make-upu\/","author":{"@type":"Person","@id":"https:\/\/www.konvi.cz\/author\/#Person","name":"","url":"https:\/\/www.konvi.cz\/author\/","identifier":1,"image":{"@type":"ImageObject","@id":"https:\/\/secure.gravatar.com\/avatar\/f14f9548cfce1bfc4b3267434069a757db9568e455121a8852ede019c83b3b5e?s=96&d=mm&r=g","url":"https:\/\/secure.gravatar.com\/avatar\/f14f9548cfce1bfc4b3267434069a757db9568e455121a8852ede019c83b3b5e?s=96&d=mm&r=g","height":96,"width":96}},"publisher":{"@type":"Organization","name":"konvi.cz","logo":{"@type":"ImageObject","@id":"\/logo.png","url":"\/logo.png","width":600,"height":60}},"image":{"@type":"ImageObject","@id":"https:\/\/www.konvi.cz\/wp-content\/uploads\/img_a319309_w2580_t1530255854.jpg","url":"https:\/\/www.konvi.cz\/wp-content\/uploads\/img_a319309_w2580_t1530255854.jpg","height":0,"width":0},"wordCount":625,"keywords":null},{"@type":"Article","@id":"https:\/\/www.konvi.cz\/vyklizeni-prostor-v-rodinnem-dome-pred-prodejem-skrze-realitni-kancelar\/","headline":"Vykl\u00edzen\u00ed prostor v rodinn\u00e9m dom\u011b p\u0159ed prodejem skrze realitn\u00ed kancel\u00e1\u0159","url":"https:\/\/www.konvi.cz\/vyklizeni-prostor-v-rodinnem-dome-pred-prodejem-skrze-realitni-kancelar\/","datePublished":"2025-11-06","dateModified":"2025-11-06","mainEntityOfPage":"https:\/\/www.konvi.cz\/vyklizeni-prostor-v-rodinnem-dome-pred-prodejem-skrze-realitni-kancelar\/","author":{"@type":"Person","@id":"https:\/\/www.konvi.cz\/author\/#Person","name":"","url":"https:\/\/www.konvi.cz\/author\/","identifier":1,"image":{"@type":"ImageObject","@id":"https:\/\/secure.gravatar.com\/avatar\/f14f9548cfce1bfc4b3267434069a757db9568e455121a8852ede019c83b3b5e?s=96&d=mm&r=g","url":"https:\/\/secure.gravatar.com\/avatar\/f14f9548cfce1bfc4b3267434069a757db9568e455121a8852ede019c83b3b5e?s=96&d=mm&r=g","height":96,"width":96}},"publisher":{"@type":"Organization","name":"konvi.cz","logo":{"@type":"ImageObject","@id":"\/logo.png","url":"\/logo.png","width":600,"height":60}},"image":{"@type":"ImageObject","@id":"https:\/\/www.konvi.cz\/wp-content\/uploads\/boxes-970950_640_10_10_3.jpg","url":"https:\/\/www.konvi.cz\/wp-content\/uploads\/boxes-970950_640_10_10_3.jpg","height":0,"width":0},"wordCount":676,"keywords":null},{"@type":"Article","@id":"https:\/\/www.konvi.cz\/nekdy-penize-postradame\/","headline":"N\u011bkdy pen\u00edze postr\u00e1d\u00e1me","url":"https:\/\/www.konvi.cz\/nekdy-penize-postradame\/","datePublished":"2025-11-05","dateModified":"2025-11-05","mainEntityOfPage":"https:\/\/www.konvi.cz\/nekdy-penize-postradame\/","author":{"@type":"Person","@id":"https:\/\/www.konvi.cz\/author\/#Person","name":"","url":"https:\/\/www.konvi.cz\/author\/","identifier":1,"image":{"@type":"ImageObject","@id":"https:\/\/secure.gravatar.com\/avatar\/f14f9548cfce1bfc4b3267434069a757db9568e455121a8852ede019c83b3b5e?s=96&d=mm&r=g","url":"https:\/\/secure.gravatar.com\/avatar\/f14f9548cfce1bfc4b3267434069a757db9568e455121a8852ede019c83b3b5e?s=96&d=mm&r=g","height":96,"width":96}},"publisher":{"@type":"Organization","name":"konvi.cz","logo":{"@type":"ImageObject","@id":"\/logo.png","url":"\/logo.png","width":600,"height":60}},"image":{"@type":"ImageObject","@id":"https:\/\/www.konvi.cz\/wp-content\/uploads\/ppppppppppppppppppppppppppppppppppppppppppppppppppppppppppppppppppppppppp_10_1.jpg","url":"https:\/\/www.konvi.cz\/wp-content\/uploads\/ppppppppppppppppppppppppppppppppppppppppppppppppppppppppppppppppppppppppp_10_1.jpg","height":0,"width":0},"wordCount":633,"keywords":null},{"@type":"Article","@id":"https:\/\/www.konvi.cz\/kryt-na-iphone-vyrazne-cervene-barvy\/","headline":"Kryt na iPhone v\u00fdrazn\u011b \u010derven\u00e9 barvy","url":"https:\/\/www.konvi.cz\/kryt-na-iphone-vyrazne-cervene-barvy\/","datePublished":"2025-10-16","dateModified":"2025-10-16","mainEntityOfPage":"https:\/\/www.konvi.cz\/kryt-na-iphone-vyrazne-cervene-barvy\/","author":{"@type":"Person","@id":"https:\/\/www.konvi.cz\/author\/#Person","name":"","url":"https:\/\/www.konvi.cz\/author\/","identifier":1,"image":{"@type":"ImageObject","@id":"https:\/\/secure.gravatar.com\/avatar\/f14f9548cfce1bfc4b3267434069a757db9568e455121a8852ede019c83b3b5e?s=96&d=mm&r=g","url":"https:\/\/secure.gravatar.com\/avatar\/f14f9548cfce1bfc4b3267434069a757db9568e455121a8852ede019c83b3b5e?s=96&d=mm&r=g","height":96,"width":96}},"publisher":{"@type":"Organization","name":"konvi.cz","logo":{"@type":"ImageObject","@id":"\/logo.png","url":"\/logo.png","width":600,"height":60}},"image":{"@type":"ImageObject","@id":"https:\/\/www.konvi.cz\/wp-content\/uploads\/iphone-12-5755365_640_10_9.jpg","url":"https:\/\/www.konvi.cz\/wp-content\/uploads\/iphone-12-5755365_640_10_9.jpg","height":0,"width":0},"wordCount":566,"keywords":null},{"@type":"Article","@id":"https:\/\/www.konvi.cz\/jste-bez-pujcky-ztraceni\/","headline":"Jste bez p\u016fj\u010dky ztracen\u00ed?","url":"https:\/\/www.konvi.cz\/jste-bez-pujcky-ztraceni\/","datePublished":"2025-10-08","dateModified":"2025-10-08","mainEntityOfPage":"https:\/\/www.konvi.cz\/jste-bez-pujcky-ztraceni\/","author":{"@type":"Person","@id":"https:\/\/www.konvi.cz\/author\/#Person","name":"","url":"https:\/\/www.konvi.cz\/author\/","identifier":1,"image":{"@type":"ImageObject","@id":"https:\/\/secure.gravatar.com\/avatar\/f14f9548cfce1bfc4b3267434069a757db9568e455121a8852ede019c83b3b5e?s=96&d=mm&r=g","url":"https:\/\/secure.gravatar.com\/avatar\/f14f9548cfce1bfc4b3267434069a757db9568e455121a8852ede019c83b3b5e?s=96&d=mm&r=g","height":96,"width":96}},"publisher":{"@type":"Organization","name":"konvi.cz","logo":{"@type":"ImageObject","@id":"\/logo.png","url":"\/logo.png","width":600,"height":60}},"image":{"@type":"ImageObject","@id":"https:\/\/www.konvi.cz\/wp-content\/uploads\/pppppppppppppppppppppppppppppppppppppppppppppppppppppppppppppppppppppppppppppppppppppppppppppppppppppppppp_2.jpg","url":"https:\/\/www.konvi.cz\/wp-content\/uploads\/pppppppppppppppppppppppppppppppppppppppppppppppppppppppppppppppppppppppppppppppppppppppppppppppppppppppppp_2.jpg","height":0,"width":0},"wordCount":619,"keywords":null},{"@type":"Article","@id":"https:\/\/www.konvi.cz\/medobrani-je-ctyrikrat-do-roka\/","headline":"Medobran\u00ed je \u010dty\u0159ikr\u00e1t do roka","url":"https:\/\/www.konvi.cz\/medobrani-je-ctyrikrat-do-roka\/","datePublished":"2025-08-22","dateModified":"2025-08-22","mainEntityOfPage":"https:\/\/www.konvi.cz\/medobrani-je-ctyrikrat-do-roka\/","author":{"@type":"Person","@id":"https:\/\/www.konvi.cz\/author\/#Person","name":"","url":"https:\/\/www.konvi.cz\/author\/","identifier":1,"image":{"@type":"ImageObject","@id":"https:\/\/secure.gravatar.com\/avatar\/f14f9548cfce1bfc4b3267434069a757db9568e455121a8852ede019c83b3b5e?s=96&d=mm&r=g","url":"https:\/\/secure.gravatar.com\/avatar\/f14f9548cfce1bfc4b3267434069a757db9568e455121a8852ede019c83b3b5e?s=96&d=mm&r=g","height":96,"width":96}},"publisher":{"@type":"Organization","name":"konvi.cz","logo":{"@type":"ImageObject","@id":"\/logo.png","url":"\/logo.png","width":600,"height":60}},"image":{"@type":"ImageObject","@id":"https:\/\/www.konvi.cz\/wp-content\/uploads\/img_a314368_w2448_t1525160033.jpg","url":"https:\/\/www.konvi.cz\/wp-content\/uploads\/img_a314368_w2448_t1525160033.jpg","height":0,"width":0},"wordCount":542,"keywords":null}]},{"@context":"https:\/\/schema.org","@type":"WebSite","@id":"https:\/\/www.konvi.cz\/#website","name":"Konvi","url":"https:\/\/www.konvi.cz","potentialAction":{"@type":"SearchAction","target":"https:\/\/www.konvi.cz\/?s={search_term_string}","query-input":"required name=search_term_string"}}]